{"id":6249,"date":"2018-03-11T10:09:00","date_gmt":"2018-03-11T09:09:00","guid":{"rendered":"http:\/\/limogesabc.com\/?p=6249"},"modified":"2018-03-15T19:31:49","modified_gmt":"2018-03-15T18:31:49","slug":"victoire-des-u11-1-et-defaite-des-u11-2","status":"publish","type":"post","link":"https:\/\/limogesabc.com\/index.php\/victoire-des-u11-1-et-defaite-des-u11-2\/","title":{"rendered":"Victoire des U11-1 et d\u00e9faite des U11-2"},"content":{"rendered":"<p><strong>Victoire 3-2 des U11-2 aux lancers francs \u00e0 la LSA<\/strong><br \/>\nLe mot du coach : \u00ab\u00a0Les filles ont \u00e9t\u00e9 plus concern\u00e9es et plus impliqu\u00e9es dans les jeux offensifs m\u00eame si tu tout n\u2019est pas parfait. Des erreurs d\u00e9fensives \u00a0ne nous permettent pas de gagner le match plus simplement. M\u00eame si tu tout n\u2019est pas parfait, merci aux joueuses pour leur r\u00e9action suite au mauvais match contre Landouge.<\/p>\n<p><strong>D\u00e9faite samedi dernier des U11\u20131 face \u00e0 Panazol 4-1<\/strong><br \/>\nLe mot du coach : \u00ab\u00a0D\u00e9faite logique des U11 par un manque d\u2019envie face \u00e0 Panazol. Il faudra apprendre de cette d\u00e9faite pour passer un cap dans l\u2019implication et la concentration. Reprise des matchs \u202adans 2 semaines avec une nouvelle poule compos\u00e9e de deux \u00e9quipes d\u00e9j\u00e0 rencontr\u00e9es cette saison qui nous permettra d\u2019\u00e9valuer les progressions.\u00a0\u00bb<\/p>\n<p>&nbsp;<\/p>\n<p>Les crit\u00e8res tactiques et mentaux ont pris toute leur place dans cette rencontre, dans laquelle, les deux \u00e9quipes ont propos\u00e9 une prestation de haut niveau , au nombreux public venu les encourager.<\/p>\n<p>R\u00e9pondant au d\u00e9fi propos\u00e9 par l\u2019\u00e9quipe Corr\u00e9zienne de la premi\u00e8re \u00e0 la derni\u00e8re seconde, les jeunes prot\u00e9g\u00e9es de Romain et de Cl\u00e9ment, ont r\u00e9pondu aux attentes de ces deux derniers.<\/p>\n<p>Cette \u00e9quipe donne d\u00e9j\u00e0 rdv \u00e0 son public pour la prochaine rencontre afin de les encourager dans ce championnat passionnant : samedi 17 mars 2018, Salle Mu\u2019 \u00e0 16h, contre La Rochelle.<\/p>\n<p style=\"text-align: center;\"><a href=\"https:\/\/limogesabc.com\/wp-content\/uploads\/2018\/02\/U11-1-17-18.jpg\"><img fetchpriority=\"high\" decoding=\"async\" class=\"aligncenter wp-image-5376 size-medium\" src=\"https:\/\/limogesabc.com\/wp-content\/uploads\/2018\/02\/U11-1-17-18-300x232.jpg\" alt=\"\" width=\"300\" height=\"232\" srcset=\"https:\/\/limogesabc.com\/wp-content\/uploads\/2018\/02\/U11-1-17-18-300x232.jpg 300w, https:\/\/limogesabc.com\/wp-content\/uploads\/2018\/02\/U11-1-17-18-768x594.jpg 768w, https:\/\/limogesabc.com\/wp-content\/uploads\/2018\/02\/U11-1-17-18-1024x792.jpg 1024w, https:\/\/limogesabc.com\/wp-content\/uploads\/2018\/02\/U11-1-17-18.jpg 1181w\" sizes=\"(max-width: 300px) 100vw, 300px\" \/><\/a><\/p>\n","protected":false},"excerpt":{"rendered":"<p>Victoire 3-2 des U11-2 aux lancers francs \u00e0 la LSA Le mot du coach : \u00ab\u00a0Les filles ont \u00e9t\u00e9 plus concern\u00e9es et plus impliqu\u00e9es dans les jeux offensifs m\u00eame si tu tout n\u2019est pas parfait. Des erreurs d\u00e9fensives \u00a0ne nous permettent pas de gagner le match plus simplement. M\u00eame si tu tout n\u2019est pas parfait,&#8230; <\/p>\n<div class=\"clear\"><\/div>\n<p><a href=\"https:\/\/limogesabc.com\/index.php\/victoire-des-u11-1-et-defaite-des-u11-2\/\" class=\"excerpt-read-more\">Lire plus<\/a><\/p>\n","protected":false},"author":2,"featured_media":5380,"comment_status":"closed","ping_status":"closed","sticky":false,"template":"","format":"standard","meta":{"_mi_skip_tracking":false,"_exactmetrics_sitenote_active":false,"_exactmetrics_sitenote_note":"","_exactmetrics_sitenote_category":0,"_monsterinsights_skip_tracking":false,"_monsterinsights_sitenote_active":false,"_monsterinsights_sitenote_note":"","_monsterinsights_sitenote_category":0,"footnotes":""},"categories":[79,93],"tags":[],"class_list":["post-6249","post","type-post","status-publish","format-standard","has-post-thumbnail","hentry","category-actualites","category-ecole_de_basket"],"aioseo_notices":[],"_links":{"self":[{"href":"https:\/\/limogesabc.com\/index.php\/wp-json\/wp\/v2\/posts\/6249","targetHints":{"allow":["GET"]}}],"collection":[{"href":"https:\/\/limogesabc.com\/index.php\/wp-json\/wp\/v2\/posts"}],"about":[{"href":"https:\/\/limogesabc.com\/index.php\/wp-json\/wp\/v2\/types\/post"}],"author":[{"embeddable":true,"href":"https:\/\/limogesabc.com\/index.php\/wp-json\/wp\/v2\/users\/2"}],"replies":[{"embeddable":true,"href":"https:\/\/limogesabc.com\/index.php\/wp-json\/wp\/v2\/comments?post=6249"}],"version-history":[{"count":3,"href":"https:\/\/limogesabc.com\/index.php\/wp-json\/wp\/v2\/posts\/6249\/revisions"}],"predecessor-version":[{"id":6256,"href":"https:\/\/limogesabc.com\/index.php\/wp-json\/wp\/v2\/posts\/6249\/revisions\/6256"}],"wp:featuredmedia":[{"embeddable":true,"href":"https:\/\/limogesabc.com\/index.php\/wp-json\/wp\/v2\/media\/5380"}],"wp:attachment":[{"href":"https:\/\/limogesabc.com\/index.php\/wp-json\/wp\/v2\/media?parent=6249"}],"wp:term":[{"taxonomy":"category","embeddable":true,"href":"https:\/\/limogesabc.com\/index.php\/wp-json\/wp\/v2\/categories?post=6249"},{"taxonomy":"post_tag","embeddable":true,"href":"https:\/\/limogesabc.com\/index.php\/wp-json\/wp\/v2\/tags?post=6249"}],"curies":[{"name":"wp","href":"https:\/\/api.w.org\/{rel}","templated":true}]}}