{"id":7043,"date":"2018-03-28T08:38:37","date_gmt":"2018-03-28T07:38:37","guid":{"rendered":"http:\/\/limogesabc.com\/?p=7043"},"modified":"2018-03-28T23:08:21","modified_gmt":"2018-03-28T22:08:21","slug":"la-tronche-meylan-veut-decrocher-sa-place-en-finale","status":"publish","type":"post","link":"https:\/\/limogesabc.com\/index.php\/la-tronche-meylan-veut-decrocher-sa-place-en-finale\/","title":{"rendered":"La Tronche Meylan veut d\u00e9crocher sa place en Finale"},"content":{"rendered":"<p><span style=\"color: #000000;\">Suite de notre portrait des \u00e9quipes qui participeront ce week-end au Troph\u00e9e Coupe de France, organis\u00e9 par le Limoges ABC, sous l\u2019effigie de la FFBB. Apr\u00e8s le Roannais Basket F\u00e9minin, pr\u00e9sentation aujourd\u2019hui de son adversaire en 1\/4 de Finale (samedi \u00e0 17h15), avec une interview du coach, Micka\u00ebl Cortay.<\/span><\/p>\n<p><strong>Micka\u00ebl Cortay<\/strong> est Conseiller Technique F\u00e9d\u00e9ral (CTF) au Comit\u00e9 de Basket de l\u2019Is\u00e8re depuis 2013 et coach de La Tronche Meylan depuis ao\u00fbt 2016. Entra\u00eeneur de l\u2019\u00e9quipe masculine du Grenoble Basket 38 de 2012 \u00e0 2016, il entrainait pr\u00e9c\u00e9demment (2000-2012) au sein des clubs de Terres Froides Basket (Is\u00e8re) et de Cran Pringy Basket (Haute-Savoie). C\u2019est un rhonalpin qui aime travailler dans la dur\u00e9e et sur des projets de long terme.<\/p>\n<p style=\"text-align: center;\"><span style=\"color: #333399; font-size: 14pt;\"><strong>Nous\u00a0esp\u00e9rons nous qualifier pour l&#8217;AccorH\u00f4tels Arena<\/strong><\/span><\/p>\n<p><span style=\"color: #003366;\"><strong>Quelles sont vos attentes sur ces rencontres de Coupe, ambition et objectif ?\u00a0<\/strong><\/span><\/p>\n<p><span style=\"color: #003366;\"><strong>MK\u00a0:<\/strong> <\/span>Nous esp\u00e9rons bien \u00e9videment nous qualifier pour la finale de la Coupe. L\u2019objectif 1er est d\u00e9j\u00e0 de sortir du 1\/4 de finale puis nous verrons par la suite quel adversaire nous sera propos\u00e9.<\/p>\n<p><span style=\"color: #003366;\"><strong>Quel regard portez-vous sur votre adversaire du samedi\u00a0en 1\/4 de finale ?\u00a0<\/strong><\/span><\/p>\n<p><span style=\"color: #003366;\"><strong>MK\u00a0:<\/strong> <\/span>Roanne est une \u00e9quipe de tr\u00e8s bon niveau, tr\u00e8s difficile \u00e0 jouer car elle a un basket bien en place, que cela soit offensivement ou d\u00e9fensivement. Leur classement actuel l\u2019atteste et le match de samedi sera une nouvelle fois tr\u00e8s difficile.<\/p>\n<p><strong><span style=\"color: #003366;\">Et sur l\u2019autre rencontre de 1\/4\u00a0de finale, Limoges ABC en Limousin vs Feytiat Basket 87 ?<\/span> <\/strong><\/p>\n<p><span style=\"color: #003366;\"><strong>MK\u00a0:<\/strong> <\/span>Les deux \u00e9quipes locales auront \u00e0 c\u0153ur de finir cette saison sur une belle note et voudront certainement tout faire pour partir \u00e0 l\u2019AccorH\u00f4tels Ar\u00e9na. Elles proposent un basket diff\u00e9rent, Limoges avec une \u00e9quipe avec une grosse force de frappe dans le jeu ext\u00e9rieur et Feytiat une \u00e9quipe polyvalente et compl\u00e8te.<\/p>\n<p><span style=\"color: #003366;\"><strong>Quel est votre favori pour la qualification en Finale,\u00a0et pourquoi ?<\/strong><\/span><\/p>\n<p><span style=\"color: #003366;\"><strong>MK\u00a0:<\/strong> <\/span>Je n\u2019arriverai pas \u00e0 sortir un favori car il me semble que les quatre \u00e9quipes ont des arguments \u00e0 faire valoir. Le c\u0153ur m\u2019oriente vers le BCTM, mais la r\u00e9alit\u00e9 du terrain parlera avant tout.<\/p>\n<p>&nbsp;<\/p>\n<p><strong>L\u2019\u00e9quipe (N\u00b0, Nom-Pr\u00e9nom, taille, poste)\u00a0:<\/strong> 4 Daviet Estelle 1,75 (3) ; 6 Niksic Ana 1,82 (3) ; 7 Tim\u00e9ra L\u00e9na 1,83 (2) ; 8 Yomy Tracy 1,75 (3) ; 9 Makosso Leslie 1,65 (1) ; 10 Choron Cl\u00e9rine 1,68 (2) ; 11 Boisseron Tilise 1,68 (1) ; 12 Sala Lucja 1,86 (5) ; 13 Cirgue Camille 1,88 (4) ; 14 Roche Mathilde 1,89 (4). <strong>Sur la photo,<\/strong> en haut \u00e0 gauche, Cl\u00e9ment Sanchez (assistant)\u00a0; en bas \u00e0 gauche, Charline Fr\u00e9minet (marraine de l\u2019\u00e9quipe) et \u00e0 droite, Samuel Beyrouthy (salari\u00e9 du club) et Micka\u00ebl Cortay. <strong>Pr\u00e9sident :<\/strong> Jean-Claude Pic<\/p>\n","protected":false},"excerpt":{"rendered":"<p>Suite de notre portrait des \u00e9quipes qui participeront ce week-end au Troph\u00e9e Coupe de France, organis\u00e9 par le Limoges ABC, sous l\u2019effigie de la FFBB. Apr\u00e8s le Roannais Basket F\u00e9minin, pr\u00e9sentation aujourd\u2019hui de son adversaire en 1\/4 de Finale (samedi \u00e0 17h15), avec une interview du coach, Micka\u00ebl Cortay. Micka\u00ebl Cortay est Conseiller Technique F\u00e9d\u00e9ral&#8230; <\/p>\n<div class=\"clear\"><\/div>\n<p><a href=\"https:\/\/limogesabc.com\/index.php\/la-tronche-meylan-veut-decrocher-sa-place-en-finale\/\" class=\"excerpt-read-more\">Lire plus<\/a><\/p>\n","protected":false},"author":2,"featured_media":7044,"comment_status":"closed","ping_status":"closed","sticky":false,"template":"","format":"standard","meta":{"_mi_skip_tracking":false,"_exactmetrics_sitenote_active":false,"_exactmetrics_sitenote_note":"","_exactmetrics_sitenote_category":0,"_monsterinsights_skip_tracking":false,"_monsterinsights_sitenote_active":false,"_monsterinsights_sitenote_note":"","_monsterinsights_sitenote_category":0,"footnotes":""},"categories":[79,90],"tags":[],"class_list":["post-7043","post","type-post","status-publish","format-standard","has-post-thumbnail","hentry","category-actualites","category-nf1"],"aioseo_notices":[],"_links":{"self":[{"href":"https:\/\/limogesabc.com\/index.php\/wp-json\/wp\/v2\/posts\/7043","targetHints":{"allow":["GET"]}}],"collection":[{"href":"https:\/\/limogesabc.com\/index.php\/wp-json\/wp\/v2\/posts"}],"about":[{"href":"https:\/\/limogesabc.com\/index.php\/wp-json\/wp\/v2\/types\/post"}],"author":[{"embeddable":true,"href":"https:\/\/limogesabc.com\/index.php\/wp-json\/wp\/v2\/users\/2"}],"replies":[{"embeddable":true,"href":"https:\/\/limogesabc.com\/index.php\/wp-json\/wp\/v2\/comments?post=7043"}],"version-history":[{"count":5,"href":"https:\/\/limogesabc.com\/index.php\/wp-json\/wp\/v2\/posts\/7043\/revisions"}],"predecessor-version":[{"id":7059,"href":"https:\/\/limogesabc.com\/index.php\/wp-json\/wp\/v2\/posts\/7043\/revisions\/7059"}],"wp:featuredmedia":[{"embeddable":true,"href":"https:\/\/limogesabc.com\/index.php\/wp-json\/wp\/v2\/media\/7044"}],"wp:attachment":[{"href":"https:\/\/limogesabc.com\/index.php\/wp-json\/wp\/v2\/media?parent=7043"}],"wp:term":[{"taxonomy":"category","embeddable":true,"href":"https:\/\/limogesabc.com\/index.php\/wp-json\/wp\/v2\/categories?post=7043"},{"taxonomy":"post_tag","embeddable":true,"href":"https:\/\/limogesabc.com\/index.php\/wp-json\/wp\/v2\/tags?post=7043"}],"curies":[{"name":"wp","href":"https:\/\/api.w.org\/{rel}","templated":true}]}}