{"id":7049,"date":"2018-03-31T07:40:31","date_gmt":"2018-03-31T06:40:31","guid":{"rendered":"http:\/\/limogesabc.com\/?p=7049"},"modified":"2018-03-31T07:49:32","modified_gmt":"2018-03-31T06:49:32","slug":"coupe-de-france-a-laffiche-ce-week-end-salle-mu","status":"publish","type":"post","link":"https:\/\/limogesabc.com\/index.php\/coupe-de-france-a-laffiche-ce-week-end-salle-mu\/","title":{"rendered":"Coupe de France \u00e0 l&#8217;affiche ce week-end Salle Mu&#8217;"},"content":{"rendered":"<p>Le Limoges ABC organise ce week-end, sur attribution de la FFBB, le premier Plateau du <strong>Troph\u00e9e Coupe de France<\/strong>, l\u2019autre \u00e9tant attribu\u00e9 \u00e0 Ronchin (Nord). Ce samedi 31 mars, Salle Mu\u2019, le premier 1\/4 de Finale opposera \u00e0 17h15 le BC La Tronche Meylan\u00a0au Roannais Basket F\u00e9minin. A 20h, c\u2019est un derby qui sera propos\u00e9 puisque le Limoges ABC rencontrera Feytiat Basket.\u00a0Les deux vainqueurs se retrouveront\u00a0demain\u00a0dimanche 1er avril\u00a0(15h30) pour la\u00a01\/2 Finale. Le vainqueur gagnera alors son ticket pour les Finales FFBB \u00e0 l\u2019AccorH\u00f4tels Arena vendredi 20 avril. Il rencontrera le gagnant\u00a0du Plateau de Ronchin qui verra s\u2019affronter Aulnoye, Sannois Saint-Gratien, Le Poin\u00e7onnet (tous NF1) et Sainte-Savine (NF2). <strong>A noter :<\/strong> les deux finalistes se verront attribuer un point (bonus) en Championnat. Rendez-vous d\u00e8s samedi Salle Mu\u2019 et \u00e0 20h pour soutenir notre \u00e9quipe\u00a0!<\/p>\n<p><strong>La buvette et la petite restauration<\/strong> seront ouvertes tout ce week-end avec grillades, frites, fruits, desserts, boissons diverses. <strong>Les entr\u00e9es sont \u00e0 5 \u20ac,<\/strong> tarif unique par journ\u00e9e, samedi (deux matches) et dimanche (1\/2 Finale). <strong>Tombola<\/strong> (2\u20ac) avec des produits locaux.<\/p>\n<p>Le Tournoi sera plac\u00e9 sous le label <strong>D\u00e9veloppement Durable<\/strong>, gobelets r\u00e9utilisables, tri s\u00e9lectif des d\u00e9chets, produits locaux, citoyennet\u00e9, respect et fair-play. Quatre Ecoles de Mini Basket ont r\u00e9pondu \u00e0 notre invitation, Saint-Germain-les Belles, Saint-L\u00e9onard, LSA et Condat. Les jeunes pousses de notre Ecole de basket accompagneront nos joueuses lors de la pr\u00e9sentation des \u00e9quipes.<\/p>\n<p><strong>Le coup d&#8217;envoi du\u00a0derby<\/strong> Limoges ABC &#8211; Feytiat Basket\u00a0\u00e0 20h sera donn\u00e9 par M. le Maire de Limoges et par Jeanine Assani Issouf.<\/p>\n","protected":false},"excerpt":{"rendered":"<p>Le Limoges ABC organise ce week-end, sur attribution de la FFBB, le premier Plateau du Troph\u00e9e Coupe de France, l\u2019autre \u00e9tant attribu\u00e9 \u00e0 Ronchin (Nord). Ce samedi 31 mars, Salle Mu\u2019, le premier 1\/4 de Finale opposera \u00e0 17h15 le BC La Tronche Meylan\u00a0au Roannais Basket F\u00e9minin. A 20h, c\u2019est un derby qui sera propos\u00e9&#8230; <\/p>\n<div class=\"clear\"><\/div>\n<p><a href=\"https:\/\/limogesabc.com\/index.php\/coupe-de-france-a-laffiche-ce-week-end-salle-mu\/\" class=\"excerpt-read-more\">Lire plus<\/a><\/p>\n","protected":false},"author":2,"featured_media":7040,"comment_status":"closed","ping_status":"closed","sticky":false,"template":"","format":"standard","meta":{"_mi_skip_tracking":false,"_exactmetrics_sitenote_active":false,"_exactmetrics_sitenote_note":"","_exactmetrics_sitenote_category":0,"_monsterinsights_skip_tracking":false,"_monsterinsights_sitenote_active":false,"_monsterinsights_sitenote_note":"","_monsterinsights_sitenote_category":0,"footnotes":""},"categories":[79],"tags":[],"class_list":["post-7049","post","type-post","status-publish","format-standard","has-post-thumbnail","hentry","category-actualites"],"aioseo_notices":[],"_links":{"self":[{"href":"https:\/\/limogesabc.com\/index.php\/wp-json\/wp\/v2\/posts\/7049","targetHints":{"allow":["GET"]}}],"collection":[{"href":"https:\/\/limogesabc.com\/index.php\/wp-json\/wp\/v2\/posts"}],"about":[{"href":"https:\/\/limogesabc.com\/index.php\/wp-json\/wp\/v2\/types\/post"}],"author":[{"embeddable":true,"href":"https:\/\/limogesabc.com\/index.php\/wp-json\/wp\/v2\/users\/2"}],"replies":[{"embeddable":true,"href":"https:\/\/limogesabc.com\/index.php\/wp-json\/wp\/v2\/comments?post=7049"}],"version-history":[{"count":5,"href":"https:\/\/limogesabc.com\/index.php\/wp-json\/wp\/v2\/posts\/7049\/revisions"}],"predecessor-version":[{"id":7088,"href":"https:\/\/limogesabc.com\/index.php\/wp-json\/wp\/v2\/posts\/7049\/revisions\/7088"}],"wp:featuredmedia":[{"embeddable":true,"href":"https:\/\/limogesabc.com\/index.php\/wp-json\/wp\/v2\/media\/7040"}],"wp:attachment":[{"href":"https:\/\/limogesabc.com\/index.php\/wp-json\/wp\/v2\/media?parent=7049"}],"wp:term":[{"taxonomy":"category","embeddable":true,"href":"https:\/\/limogesabc.com\/index.php\/wp-json\/wp\/v2\/categories?post=7049"},{"taxonomy":"post_tag","embeddable":true,"href":"https:\/\/limogesabc.com\/index.php\/wp-json\/wp\/v2\/tags?post=7049"}],"curies":[{"name":"wp","href":"https:\/\/api.w.org\/{rel}","templated":true}]}}