{"id":7358,"date":"2018-04-13T17:45:31","date_gmt":"2018-04-13T16:45:31","guid":{"rendered":"http:\/\/limogesabc.com\/?p=7358"},"modified":"2018-04-13T17:48:35","modified_gmt":"2018-04-13T16:48:35","slug":"limoges-abc-et-feytiat-une-opposition-et-des-discussions","status":"publish","type":"post","link":"https:\/\/limogesabc.com\/index.php\/limoges-abc-et-feytiat-une-opposition-et-des-discussions\/","title":{"rendered":"Limoges ABC et Feytiat, un match \u00e0 jouer, un projet \u00e0 \u00e9crire"},"content":{"rendered":"<p>Vous avez probablement souffert avec nous cette saison. Nous avons dix fois vu la victoire se profiler avant de la voir dix fois s\u2019\u00e9chapper dans les derni\u00e8res minutes. Pour le dernier match de cette douloureuse saison, le calendrier nous r\u00e9serve une opposition contre nos voisines. C\u2019est la troisi\u00e8me fois que nous allons croiser le Feytiat Basket.\u00a0Inutile de dire que nous\u00a0sommes mobilis\u00e9s pour bien finir \u00e0 domicile. Un beau combat, un beau match, une belle soir\u00e9e, une victoire, c\u2019est notre objectif. <em>Qui aime bien ch\u00e2tie bien<\/em>, dit le dicton ! Rendez-vous <strong>ce samedi \u00e0 20h<\/strong> Salle Mu&#8217; pour encourager les joueuses du Limoges ABC <em>en Limousin<\/em>. Une soir\u00e9e qui sera aussi la derni\u00e8re de notre coach, Bertrand Van Butsele, qui nous quitte pour rejoindre le club du Portel (Pro A). Bon vent Bertrand et rendez-vous \u00e0 Beaublanc ! La rencontre est parrain\u00e9e par le Conseil D\u00e9partemental de la Haute-Vienne et son Pr\u00e9sident, Jean-Claude Leblois, donnera le coup d\u2019envoi.<\/p>\n<p style=\"text-align: center;\"><span style=\"color: #003366; font-size: 14pt;\"><strong>&#8230; Ecrire une page de basket au f\u00e9minin<\/strong><\/span><\/p>\n<p><span style=\"color: #003366;\"><strong>Dans les prochains jours,<\/strong> le club annoncera des d\u00e9cisions et des modalit\u00e9s de travail pour la saison prochaine et les suivantes. Certaines d\u2019entre elles concernent un possible rapprochement avec nos h\u00f4tes et voisins de Feytiat. Nous avons tenu \u00e0 ce jour quatre r\u00e9unions entre les deux clubs, entre fin f\u00e9vrier et d\u00e9but avril. A l\u2019unanimit\u00e9, le Comit\u00e9 Directeur du Limoges ABC a propos\u00e9, d\u00e9but avril, au club du Feytiat Basket \u00ab <em>d\u2019\u00e9tudier les possibilit\u00e9s de fusion, avec pour horizon le printemps 2019, pour constituer un grand club f\u00e9minin pour atteindre le plus haut niveau et pour y rester<\/em> \u00bb. Un processus pour \u00e9tudier une fusion des deux clubs est donc sur les rails. S\u2019il n\u00e9cessite de nombreuses r\u00e9flexions et d\u00e9cisions \u00e0 tous les niveaux,\u00a0l\u2019objectif est ambitieux et mobilisateur pour ces m\u00eames raisons. On imagine l\u2019impact que pourrait avoir un grand club de basket f\u00e9minin sur notre territoire. Le plus proche est \u00e0 200 kms, c\u2019est Bourges. Il faut aller ensuite \u00e0 Nantes ou \u00e0 Basket Landes pour trouver du basket f\u00e9minin de tr\u00e8s haut niveau.<\/span><\/p>\n<p><span style=\"color: #003366;\"><strong>A l\u2019heure o\u00f9 les collectivit\u00e9s et l\u2019Etat<\/strong> ont plut\u00f4t tendance \u00e0 r\u00e9duire la voilure des subventions et aides diverses, nous devons imaginer de nouvelles modalit\u00e9s de d\u00e9veloppement et d\u2019assises sportives, manag\u00e9riales et financi\u00e8res. Nous devons aussi orienter nos actions vers de nouveaux publics de tous \u00e2ges, int\u00e9grer le Basket Sant\u00e9, investir les territoires. Au lieu de rester frileux, nous avons l\u2019opportunit\u00e9 de construire de nouveaux projets et de rassembler nos forces. A bient\u00f4t pour la suite. Allez les filles !<\/span><\/p>\n<p><em>Photo de une (match de Coupe)\u00a0: Yves Dussuchaud<\/em><\/p>\n","protected":false},"excerpt":{"rendered":"<p>Vous avez probablement souffert avec nous cette saison. Nous avons dix fois vu la victoire se profiler avant de la voir dix fois s\u2019\u00e9chapper dans les derni\u00e8res minutes. Pour le dernier match de cette douloureuse saison, le calendrier nous r\u00e9serve une opposition contre nos voisines. C\u2019est la troisi\u00e8me fois que nous allons croiser le Feytiat&#8230; <\/p>\n<div class=\"clear\"><\/div>\n<p><a href=\"https:\/\/limogesabc.com\/index.php\/limoges-abc-et-feytiat-une-opposition-et-des-discussions\/\" class=\"excerpt-read-more\">Lire plus<\/a><\/p>\n","protected":false},"author":2,"featured_media":7238,"comment_status":"closed","ping_status":"closed","sticky":false,"template":"","format":"standard","meta":{"_mi_skip_tracking":false,"_exactmetrics_sitenote_active":false,"_exactmetrics_sitenote_note":"","_exactmetrics_sitenote_category":0,"_monsterinsights_skip_tracking":false,"_monsterinsights_sitenote_active":false,"_monsterinsights_sitenote_note":"","_monsterinsights_sitenote_category":0,"footnotes":""},"categories":[79,90],"tags":[],"class_list":["post-7358","post","type-post","status-publish","format-standard","has-post-thumbnail","hentry","category-actualites","category-nf1"],"aioseo_notices":[],"_links":{"self":[{"href":"https:\/\/limogesabc.com\/index.php\/wp-json\/wp\/v2\/posts\/7358","targetHints":{"allow":["GET"]}}],"collection":[{"href":"https:\/\/limogesabc.com\/index.php\/wp-json\/wp\/v2\/posts"}],"about":[{"href":"https:\/\/limogesabc.com\/index.php\/wp-json\/wp\/v2\/types\/post"}],"author":[{"embeddable":true,"href":"https:\/\/limogesabc.com\/index.php\/wp-json\/wp\/v2\/users\/2"}],"replies":[{"embeddable":true,"href":"https:\/\/limogesabc.com\/index.php\/wp-json\/wp\/v2\/comments?post=7358"}],"version-history":[{"count":4,"href":"https:\/\/limogesabc.com\/index.php\/wp-json\/wp\/v2\/posts\/7358\/revisions"}],"predecessor-version":[{"id":7362,"href":"https:\/\/limogesabc.com\/index.php\/wp-json\/wp\/v2\/posts\/7358\/revisions\/7362"}],"wp:featuredmedia":[{"embeddable":true,"href":"https:\/\/limogesabc.com\/index.php\/wp-json\/wp\/v2\/media\/7238"}],"wp:attachment":[{"href":"https:\/\/limogesabc.com\/index.php\/wp-json\/wp\/v2\/media?parent=7358"}],"wp:term":[{"taxonomy":"category","embeddable":true,"href":"https:\/\/limogesabc.com\/index.php\/wp-json\/wp\/v2\/categories?post=7358"},{"taxonomy":"post_tag","embeddable":true,"href":"https:\/\/limogesabc.com\/index.php\/wp-json\/wp\/v2\/tags?post=7358"}],"curies":[{"name":"wp","href":"https:\/\/api.w.org\/{rel}","templated":true}]}}