{"id":7844,"date":"2018-06-09T23:52:46","date_gmt":"2018-06-09T21:52:46","guid":{"rendered":"http:\/\/limogesabc.com\/?p=7844"},"modified":"2018-06-10T00:25:38","modified_gmt":"2018-06-09T22:25:38","slug":"nos-senoires-pre-nationale-remportent-la-coupe-de-la-haute-vienne","status":"publish","type":"post","link":"https:\/\/limogesabc.com\/index.php\/nos-senoires-pre-nationale-remportent-la-coupe-de-la-haute-vienne\/","title":{"rendered":"Nos S\u00e9noires Pr\u00e9-R\u00e9gionale remportent la Coupe de la Haute-Vienne"},"content":{"rendered":"<p>Notre \u00e9quipe Pr\u00e9-R\u00e9gionale a remport\u00e9 la Coupe de la Haute-Vienne avec la mani\u00e8re, en battant Nantiat 85-43. La cerise sur le g\u00e2teau d&#8217;une tr\u00e8s belle saison o\u00f9 elles finissent invaincues.<br \/>\nBRAVOOO \u00e0 toute l\u2019\u00e9quipe, joueuses et coachs !<\/p>\n\n\t\t<style type=\"text\/css\">\n\t\t\t#gallery-1 {\n\t\t\t\tmargin: auto;\n\t\t\t}\n\t\t\t#gallery-1 .gallery-item {\n\t\t\t\tfloat: left;\n\t\t\t\tmargin-top: 10px;\n\t\t\t\ttext-align: center;\n\t\t\t\twidth: 33%;\n\t\t\t}\n\t\t\t#gallery-1 img {\n\t\t\t\tborder-width: 1px; border-style: solid;\n\t\t\t}\n\t\t\t#gallery-1 .gallery-caption {\n\t\t\t\tmargin-left: 0;\n\t\t\t}\n\t\t\t\/* see gallery_shortcode() in wp-includes\/media.php *\/\n\t\t<\/style>\n\t\t<div id='gallery-1' class='gallery galleryid-7844 gallery-columns-3 gallery-size-large'><dl class='gallery-item'>\n\t\t\t<dt class='gallery-icon landscape'>\n\t\t\t\t<a href='https:\/\/limogesabc.com\/wp-content\/uploads\/2018\/06\/PRENAT-2018-2019-COUPE87-3.jpg'><img fetchpriority=\"high\" decoding=\"async\" width=\"960\" height=\"720\" src=\"https:\/\/limogesabc.com\/wp-content\/uploads\/2018\/06\/PRENAT-2018-2019-COUPE87-3-1024x768.jpg\" class=\"attachment-large size-large\" alt=\"\" srcset=\"https:\/\/limogesabc.com\/wp-content\/uploads\/2018\/06\/PRENAT-2018-2019-COUPE87-3-1024x768.jpg 1024w, https:\/\/limogesabc.com\/wp-content\/uploads\/2018\/06\/PRENAT-2018-2019-COUPE87-3-300x225.jpg 300w, https:\/\/limogesabc.com\/wp-content\/uploads\/2018\/06\/PRENAT-2018-2019-COUPE87-3-768x576.jpg 768w, https:\/\/limogesabc.com\/wp-content\/uploads\/2018\/06\/PRENAT-2018-2019-COUPE87-3-400x300.jpg 400w, https:\/\/limogesabc.com\/wp-content\/uploads\/2018\/06\/PRENAT-2018-2019-COUPE87-3.jpg 1181w\" sizes=\"(max-width: 960px) 100vw, 960px\" \/><\/a>\n\t\t\t<\/dt><\/dl><dl class='gallery-item'>\n\t\t\t<dt class='gallery-icon landscape'>\n\t\t\t\t<a href='https:\/\/limogesabc.com\/wp-content\/uploads\/2018\/06\/PRENAT-2018-2019-COUPE87-2.jpg'><img decoding=\"async\" width=\"960\" height=\"720\" src=\"https:\/\/limogesabc.com\/wp-content\/uploads\/2018\/06\/PRENAT-2018-2019-COUPE87-2-1024x768.jpg\" class=\"attachment-large size-large\" alt=\"\" srcset=\"https:\/\/limogesabc.com\/wp-content\/uploads\/2018\/06\/PRENAT-2018-2019-COUPE87-2-1024x768.jpg 1024w, https:\/\/limogesabc.com\/wp-content\/uploads\/2018\/06\/PRENAT-2018-2019-COUPE87-2-300x225.jpg 300w, https:\/\/limogesabc.com\/wp-content\/uploads\/2018\/06\/PRENAT-2018-2019-COUPE87-2-768x576.jpg 768w, https:\/\/limogesabc.com\/wp-content\/uploads\/2018\/06\/PRENAT-2018-2019-COUPE87-2-400x300.jpg 400w, https:\/\/limogesabc.com\/wp-content\/uploads\/2018\/06\/PRENAT-2018-2019-COUPE87-2.jpg 1181w\" sizes=\"(max-width: 960px) 100vw, 960px\" \/><\/a>\n\t\t\t<\/dt><\/dl><dl class='gallery-item'>\n\t\t\t<dt class='gallery-icon landscape'>\n\t\t\t\t<a href='https:\/\/limogesabc.com\/wp-content\/uploads\/2018\/06\/PRENAT-2018-2019-COUPE87-1.jpg'><img decoding=\"async\" width=\"960\" height=\"720\" src=\"https:\/\/limogesabc.com\/wp-content\/uploads\/2018\/06\/PRENAT-2018-2019-COUPE87-1-1024x768.jpg\" class=\"attachment-large size-large\" alt=\"\" srcset=\"https:\/\/limogesabc.com\/wp-content\/uploads\/2018\/06\/PRENAT-2018-2019-COUPE87-1-1024x768.jpg 1024w, https:\/\/limogesabc.com\/wp-content\/uploads\/2018\/06\/PRENAT-2018-2019-COUPE87-1-300x225.jpg 300w, https:\/\/limogesabc.com\/wp-content\/uploads\/2018\/06\/PRENAT-2018-2019-COUPE87-1-768x576.jpg 768w, https:\/\/limogesabc.com\/wp-content\/uploads\/2018\/06\/PRENAT-2018-2019-COUPE87-1-400x300.jpg 400w, https:\/\/limogesabc.com\/wp-content\/uploads\/2018\/06\/PRENAT-2018-2019-COUPE87-1.jpg 1181w\" sizes=\"(max-width: 960px) 100vw, 960px\" \/><\/a>\n\t\t\t<\/dt><\/dl><br style=\"clear: both\" \/>\n\t\t<\/div>\n\n","protected":false},"excerpt":{"rendered":"<p>Notre \u00e9quipe Pr\u00e9-R\u00e9gionale a remport\u00e9 la Coupe de la Haute-Vienne avec la mani\u00e8re, en battant Nantiat 85-43. La cerise sur le g\u00e2teau d&#8217;une tr\u00e8s belle saison o\u00f9 elles finissent invaincues. BRAVOOO \u00e0 toute l\u2019\u00e9quipe, joueuses et coachs !<\/p>\n","protected":false},"author":3,"featured_media":7845,"comment_status":"closed","ping_status":"closed","sticky":false,"template":"","format":"standard","meta":{"_mi_skip_tracking":false,"_exactmetrics_sitenote_active":false,"_exactmetrics_sitenote_note":"","_exactmetrics_sitenote_category":0,"_monsterinsights_skip_tracking":false,"_monsterinsights_sitenote_active":false,"_monsterinsights_sitenote_note":"","_monsterinsights_sitenote_category":0,"footnotes":""},"categories":[79,92],"tags":[],"class_list":["post-7844","post","type-post","status-publish","format-standard","has-post-thumbnail","hentry","category-actualites","category-autres_equipes"],"aioseo_notices":[],"_links":{"self":[{"href":"https:\/\/limogesabc.com\/index.php\/wp-json\/wp\/v2\/posts\/7844","targetHints":{"allow":["GET"]}}],"collection":[{"href":"https:\/\/limogesabc.com\/index.php\/wp-json\/wp\/v2\/posts"}],"about":[{"href":"https:\/\/limogesabc.com\/index.php\/wp-json\/wp\/v2\/types\/post"}],"author":[{"embeddable":true,"href":"https:\/\/limogesabc.com\/index.php\/wp-json\/wp\/v2\/users\/3"}],"replies":[{"embeddable":true,"href":"https:\/\/limogesabc.com\/index.php\/wp-json\/wp\/v2\/comments?post=7844"}],"version-history":[{"count":2,"href":"https:\/\/limogesabc.com\/index.php\/wp-json\/wp\/v2\/posts\/7844\/revisions"}],"predecessor-version":[{"id":7849,"href":"https:\/\/limogesabc.com\/index.php\/wp-json\/wp\/v2\/posts\/7844\/revisions\/7849"}],"wp:featuredmedia":[{"embeddable":true,"href":"https:\/\/limogesabc.com\/index.php\/wp-json\/wp\/v2\/media\/7845"}],"wp:attachment":[{"href":"https:\/\/limogesabc.com\/index.php\/wp-json\/wp\/v2\/media?parent=7844"}],"wp:term":[{"taxonomy":"category","embeddable":true,"href":"https:\/\/limogesabc.com\/index.php\/wp-json\/wp\/v2\/categories?post=7844"},{"taxonomy":"post_tag","embeddable":true,"href":"https:\/\/limogesabc.com\/index.php\/wp-json\/wp\/v2\/tags?post=7844"}],"curies":[{"name":"wp","href":"https:\/\/api.w.org\/{rel}","templated":true}]}}