{"id":8139,"date":"2018-08-20T20:59:20","date_gmt":"2018-08-20T18:59:20","guid":{"rendered":"http:\/\/limogesabc.com\/?p=8139"},"modified":"2018-08-20T21:48:43","modified_gmt":"2018-08-20T19:48:43","slug":"les-u18-elite-reprennent-par-un-stage","status":"publish","type":"post","link":"https:\/\/limogesabc.com\/index.php\/les-u18-elite-reprennent-par-un-stage\/","title":{"rendered":"Les U18 Elite reprennent par un stage"},"content":{"rendered":"<p>C&#8217;est au tour des U18 Elite de reprendre la pr\u00e9paration de la saison. Et \u00e7a se passe directement \u00e0 Saint-L\u00e9onard, site pr\u00e9f\u00e9r\u00e9 du Limoges ABC cette ann\u00e9e puisque c&#8217;est aussi chez les miaul\u00e9tous que vient de se d\u00e9rouler le stage NF2. D&#8217;ailleurs ce matin, R\u00e9gis Racine ne devait pas \u00eatre d\u00e9pays\u00e9 puisque il \u00e9tait de nouveau sur le parquet de la Halle des Sports avec Paulin Chanteloup le coach des U18 Elite. Le stage est aussi encadr\u00e9 par St\u00e9phane Boydens (co-responsable d&#8217;\u00e9quipe avec C\u00e9dric Malfois) et par Daniel S\u00e9mavoine qui organise la logistique comme l&#8217;an dernier \u00e0 Lalinde.<\/p>\n<p>Seize joueuses sont pr\u00e9sentes sur le stage jusqu&#8217;\u00e0 samedi midi. L&#8217;occasion pour le coach et le responsable technique de se familiariser avec le groupe et de travailler la coh\u00e9sion, un facteur\u00a0capital pour aborder le Championnat en confiance. Au programme de\u00a0ce lundi matin, les pr\u00e9sentations de chacune et du staff, et l&#8217;entr\u00e9e en mati\u00e8re par un test &#8220;Luc L\u00e9ger&#8221;, celui qui ne pardonne pas pour voir qui est en condition \u2026 ou pas ! Ce lundi soir, une r\u00e9union pour d\u00e9finir les r\u00e8gles de vie du groupe \u2026 La mise en route s&#8217;accompagnera demain et les jours suivants de travail basket et de pr\u00e9pa physique et aussi d&#8217;une s\u00e9ance relax \u00e0 l&#8217;AquaNoblat. Bon stage !<\/p>\n<p><a href=\"https:\/\/limogesabc.com\/wp-content\/uploads\/2018\/08\/Groupe-U18-Stage1-e1534792524852.jpeg\" target=\"_blank\" rel=\"attachment noopener wp-att-8150\"><img fetchpriority=\"high\" decoding=\"async\" class=\"alignleft wp-image-8150 size-full\" src=\"https:\/\/limogesabc.com\/wp-content\/uploads\/2018\/08\/Groupe-U18-Stage1-e1534792524852.jpeg\" alt=\"\" width=\"1500\" height=\"1125\" \/><\/a><\/p>\n<p>&nbsp;<\/p>\n","protected":false},"excerpt":{"rendered":"<p>C&#8217;est au tour des U18 Elite de reprendre la pr\u00e9paration de la saison. Et \u00e7a se passe directement \u00e0 Saint-L\u00e9onard, site pr\u00e9f\u00e9r\u00e9 du Limoges ABC cette ann\u00e9e puisque c&#8217;est aussi chez les miaul\u00e9tous que vient de se d\u00e9rouler le stage NF2. D&#8217;ailleurs ce matin, R\u00e9gis Racine ne devait pas \u00eatre d\u00e9pays\u00e9 puisque il \u00e9tait de&#8230; <\/p>\n<div class=\"clear\"><\/div>\n<p><a href=\"https:\/\/limogesabc.com\/index.php\/les-u18-elite-reprennent-par-un-stage\/\" class=\"excerpt-read-more\">Lire plus<\/a><\/p>\n","protected":false},"author":2,"featured_media":8149,"comment_status":"closed","ping_status":"closed","sticky":false,"template":"","format":"standard","meta":{"_mi_skip_tracking":false,"_exactmetrics_sitenote_active":false,"_exactmetrics_sitenote_note":"","_exactmetrics_sitenote_category":0,"_monsterinsights_skip_tracking":false,"_monsterinsights_sitenote_active":false,"_monsterinsights_sitenote_note":"","_monsterinsights_sitenote_category":0,"footnotes":""},"categories":[79,91],"tags":[],"class_list":["post-8139","post","type-post","status-publish","format-standard","has-post-thumbnail","hentry","category-actualites","category-pole_formation"],"aioseo_notices":[],"_links":{"self":[{"href":"https:\/\/limogesabc.com\/index.php\/wp-json\/wp\/v2\/posts\/8139","targetHints":{"allow":["GET"]}}],"collection":[{"href":"https:\/\/limogesabc.com\/index.php\/wp-json\/wp\/v2\/posts"}],"about":[{"href":"https:\/\/limogesabc.com\/index.php\/wp-json\/wp\/v2\/types\/post"}],"author":[{"embeddable":true,"href":"https:\/\/limogesabc.com\/index.php\/wp-json\/wp\/v2\/users\/2"}],"replies":[{"embeddable":true,"href":"https:\/\/limogesabc.com\/index.php\/wp-json\/wp\/v2\/comments?post=8139"}],"version-history":[{"count":7,"href":"https:\/\/limogesabc.com\/index.php\/wp-json\/wp\/v2\/posts\/8139\/revisions"}],"predecessor-version":[{"id":8152,"href":"https:\/\/limogesabc.com\/index.php\/wp-json\/wp\/v2\/posts\/8139\/revisions\/8152"}],"wp:featuredmedia":[{"embeddable":true,"href":"https:\/\/limogesabc.com\/index.php\/wp-json\/wp\/v2\/media\/8149"}],"wp:attachment":[{"href":"https:\/\/limogesabc.com\/index.php\/wp-json\/wp\/v2\/media?parent=8139"}],"wp:term":[{"taxonomy":"category","embeddable":true,"href":"https:\/\/limogesabc.com\/index.php\/wp-json\/wp\/v2\/categories?post=8139"},{"taxonomy":"post_tag","embeddable":true,"href":"https:\/\/limogesabc.com\/index.php\/wp-json\/wp\/v2\/tags?post=8139"}],"curies":[{"name":"wp","href":"https:\/\/api.w.org\/{rel}","templated":true}]}}