{"id":8732,"date":"2018-11-03T09:46:32","date_gmt":"2018-11-03T08:46:32","guid":{"rendered":"http:\/\/limogesabc.com\/?p=8732"},"modified":"2018-11-03T10:33:25","modified_gmt":"2018-11-03T09:33:25","slug":"gagner-avec-la-maniere-salle-mu-avec-notre-public","status":"publish","type":"post","link":"https:\/\/limogesabc.com\/index.php\/gagner-avec-la-maniere-salle-mu-avec-notre-public\/","title":{"rendered":"Gagner avec la mani\u00e8re Salle Mu&#8217;, et avec notre public"},"content":{"rendered":"<p>Le match de ce samedi soir va concerner deux clubs qui sont aux antipodes au classement. deux clubs aux ambitions diff\u00e9rentes \u00e9galement puisque si Limoges vise le tr\u00e8s haut de tableau, les jeunes\u00a0Espoirs de Tarbes se forment dans le cadre du Centre de Formation de l&#8217;\u00e9quipe Pro qui \u00e9volue en LFB. Alors disproportion des places et des ambitions veut-il dire match facile pour Limoges ? C&#8217;est cette erreur qui va nous guetter toute la saison. C&#8217;est elle en grande partie qui nous a fait perdre \u00e0 M\u00fbrs Erign\u00e9. Si nous jouons les matches la veille, nous perdrons le samedi. Match s\u00e9rieux, match d\u00e9fensif, match offensif, match collectif, nous avons besoin de tenir ce soir ces objectifs que le coach, R\u00e9gis Racine, a rappel\u00e9 aux joueuses toute la semaine. Allez les filles !<\/p>\n<p>Bienvenue ce soir\u00a0\u00e0 nos amis de <strong>BiG Sports<\/strong>, partenaire des deux clubs, donc forc\u00e9ment vainqueurs.\u00a0Mais bon, si Limoges gagne c&#8217;est aussi notre partenariat qui se renforce et nous en aurons encore un aper\u00e7u ce soir \u00e0 domicile avec la sortie des nouveaux <span style=\"color: #003366;\"><strong>sur-maillots<\/strong><\/span> sigl\u00e9s &#8220;Century 21&#8221; et les multiples lots offerts \u00e0 <span style=\"color: #003366;\"><span style=\"color: #000000;\">la <\/span><strong>tombola<\/strong> <\/span>mais aussi les <span style=\"color: #003366;\"><strong>gooddies<\/strong><\/span> au public lors des temps morts. A propos de public, venez nombreux chers amis, nous aurons une autre surprise sous la forme d&#8217;une &#8220;<span style=\"color: #003366;\"><strong>bo\u00eete \u00e0 image<\/strong><\/span>&#8221; toujours \u00e0 l&#8217;initiative de <strong>Century 21 AAI Immobilier<\/strong> et Marie-Jos\u00e9 Jeannin.<\/p>\n<p>Dans les \u00e0-c\u00f4t\u00e9s du match, notons la pr\u00e9sentation de l&#8217;\u00e9quipe U15 Nouvelle-Aquitaine lors du premier quart-temps, une \u00e9quipe qui va vous accueillir ce soir sur la rencontre. Le <span style=\"color: #003366;\">&#8220;<strong>Panier Intermarch\u00e9<\/strong>&#8220;<\/span> au 3\u00e8me quart-temps. L&#8217;accueil de l&#8217;\u00e9quipe de Saint-Pantal\u00e9on qui aura jou\u00e9 contre nos U15 \u00e0 15h Salle Mu&#8217;. Le lever de rideau des U18 Nouvelle-Aquitaine \u00e0 17h. Bref <strong>la f\u00eate du basket f\u00e9minin et les cadeaux c&#8217;est ce soir<\/strong> <strong>Salle Mu&#8217;<\/strong> et pas ailleurs !<\/p>\n<p><span style=\"color: #800080;\"><strong>Collecte de jouets :<\/strong><\/span> <span style=\"color: #000000;\">Nous continuons ce soir notre collecte de jouets au profit des Restos du C\u0153ur et des enfants hospitalis\u00e9s. Amenez vos jouets, \u00e0 d\u00e9poser dans le coffre qui est \u00e0 l&#8217;entr\u00e9e du gymnase. Les jouets seront remis prochainement aux enfants des Restos du Coeur et aux enfants hospitalis\u00e9s \u00e0 l&#8217;H\u00f4pital de la m\u00e8re et de l&#8217;enfant.<\/span><\/p>\n<p><strong><span style=\"color: #003366;\">Limoges ABC <em>en Limousin<\/em> :<\/span><\/strong> Viguier ; Blatrie ; Cuisset ; C\u00e9lestin ; Moukoko ; Mahoukou ; Breuil ; Mendes ; Ndiaye ; Jez ; <span style=\"color: #003366;\">Entra\u00eeneur<\/span> : R\u00e9gis Racine et <span style=\"color: #003366;\">Assistant<\/span> : Romain Leclaircie<\/p>\n","protected":false},"excerpt":{"rendered":"<p>Le match de ce samedi soir va concerner deux clubs qui sont aux antipodes au classement. deux clubs aux ambitions diff\u00e9rentes \u00e9galement puisque si Limoges vise le tr\u00e8s haut de tableau, les jeunes\u00a0Espoirs de Tarbes se forment dans le cadre du Centre de Formation de l&#8217;\u00e9quipe Pro qui \u00e9volue en LFB. Alors disproportion des places&#8230; <\/p>\n<div class=\"clear\"><\/div>\n<p><a href=\"https:\/\/limogesabc.com\/index.php\/gagner-avec-la-maniere-salle-mu-avec-notre-public\/\" class=\"excerpt-read-more\">Lire plus<\/a><\/p>\n","protected":false},"author":2,"featured_media":8733,"comment_status":"closed","ping_status":"closed","sticky":false,"template":"","format":"standard","meta":{"_mi_skip_tracking":false,"_exactmetrics_sitenote_active":false,"_exactmetrics_sitenote_note":"","_exactmetrics_sitenote_category":0,"_monsterinsights_skip_tracking":false,"_monsterinsights_sitenote_active":false,"_monsterinsights_sitenote_note":"","_monsterinsights_sitenote_category":0,"footnotes":""},"categories":[79],"tags":[],"class_list":["post-8732","post","type-post","status-publish","format-standard","has-post-thumbnail","hentry","category-actualites"],"aioseo_notices":[],"_links":{"self":[{"href":"https:\/\/limogesabc.com\/index.php\/wp-json\/wp\/v2\/posts\/8732","targetHints":{"allow":["GET"]}}],"collection":[{"href":"https:\/\/limogesabc.com\/index.php\/wp-json\/wp\/v2\/posts"}],"about":[{"href":"https:\/\/limogesabc.com\/index.php\/wp-json\/wp\/v2\/types\/post"}],"author":[{"embeddable":true,"href":"https:\/\/limogesabc.com\/index.php\/wp-json\/wp\/v2\/users\/2"}],"replies":[{"embeddable":true,"href":"https:\/\/limogesabc.com\/index.php\/wp-json\/wp\/v2\/comments?post=8732"}],"version-history":[{"count":5,"href":"https:\/\/limogesabc.com\/index.php\/wp-json\/wp\/v2\/posts\/8732\/revisions"}],"predecessor-version":[{"id":8738,"href":"https:\/\/limogesabc.com\/index.php\/wp-json\/wp\/v2\/posts\/8732\/revisions\/8738"}],"wp:featuredmedia":[{"embeddable":true,"href":"https:\/\/limogesabc.com\/index.php\/wp-json\/wp\/v2\/media\/8733"}],"wp:attachment":[{"href":"https:\/\/limogesabc.com\/index.php\/wp-json\/wp\/v2\/media?parent=8732"}],"wp:term":[{"taxonomy":"category","embeddable":true,"href":"https:\/\/limogesabc.com\/index.php\/wp-json\/wp\/v2\/categories?post=8732"},{"taxonomy":"post_tag","embeddable":true,"href":"https:\/\/limogesabc.com\/index.php\/wp-json\/wp\/v2\/tags?post=8732"}],"curies":[{"name":"wp","href":"https:\/\/api.w.org\/{rel}","templated":true}]}}