{"id":9445,"date":"2019-02-01T16:44:24","date_gmt":"2019-02-01T15:44:24","guid":{"rendered":"http:\/\/limogesabc.com\/?p=9445"},"modified":"2019-02-01T18:36:35","modified_gmt":"2019-02-01T17:36:35","slug":"la-nf2-affronte-reze-ce-samedi-a-20h","status":"publish","type":"post","link":"https:\/\/limogesabc.com\/index.php\/la-nf2-affronte-reze-ce-samedi-a-20h\/","title":{"rendered":"La NF2 affronte Rez\u00e9 ce samedi \u00e0 20h"},"content":{"rendered":"<p>Bienvenue demain Salle Mu&#8217; \u00e0 Limoges apr\u00e8s quelques jours de tr\u00eave \u2026 La r\u00e9ception des joueuses du <strong>BCSP Rez\u00e9<\/strong> n&#8217;a rien d&#8217;un sc\u00e9nario \u00e9crit \u00e0 l&#8217;avance. Bien que cette \u00e9quipe, jeune, ne pointe pas dans les premi\u00e8res places du classement, avec seulement trois victoires en treize matches, nous avons int\u00e9r\u00eat \u00e0 nous m\u00e9fier.<\/p>\n<p>Pour deux raisons au moins. La premi\u00e8re est que nous cumulons les bless\u00e9es et malades. Limoges sera diminu\u00e9 !<br \/>\nLa deuxi\u00e8me est sportive. Le dernier match des rez\u00e9ennes s&#8217;est sold\u00e9, il y a quinze jours, par une victoire 83-42 contre Carmaux qui ne passe pas pour une \u00e9quipe d&#8217;infortune. Rez\u00e9 est une inconnue !<\/p>\n<p>Nous aurons donc plaisir \u00e0 vous accueillir demain. Le parrain du match est la (r\u00e9cente) <strong>Communaut\u00e9 Urbaine Limoges M\u00e9tropole<\/strong>. La Direction de la Propret\u00e9 a d&#8217;ailleurs missionn\u00e9 mercredi ses &#8220;Ambassadeurs du tri&#8221; aupr\u00e8s de nos jeunes pousses de l&#8217;Ecole de basket pour leur apprendre les gestes du tri. Une op\u00e9ration sera conduite samedi soir lors du match. Jacques Roux, Maire d&#8217;Eyjeaux, donnera le coup d&#8217;envoi du match.<\/p>\n<p>Le Limoges ABC aime ces partenariats li\u00e9 \u00e0 la citoyennet\u00e9 et au d\u00e9veloppement durable ! #Allezlesfilles<\/p>\n<p><span style=\"color: #003366;\"><strong>Limoges ABC &#8211; BCSP Rez\u00e9 :<\/strong>\u00a0<\/span><\/p>\n<p><span style=\"color: #003366;\"><strong>Limoges ABC <em>en Limousin<\/em> :<\/strong> <span style=\"color: #003300;\">Viguier ; Blatrie ; Cuisset ; C\u00e9lestin ; Moukoko ; Mahoukou ; Mendes ; Ndiaye ; Jez ; Breuil. (<em>composition d&#8217;\u00e9quipe non d\u00e9finitive<\/em>).<\/span> Coach : R\u00e9gis Racine ; Assistant : Romain Leclaircie.<\/span><\/p>\n<p><span style=\"color: #003366;\"><strong>BCSP Rez\u00e9 :<\/strong> <span style=\"color: #003300;\">H\u00e9riaud ; Dr\u00e9ano-Tr\u00e9cant ; Lemercier ; Diallo ; Toe ; Gasselin ; Lagier ; Andr\u00e9.<\/span> Coach : St\u00e9phane Boyer<\/span><\/p>\n","protected":false},"excerpt":{"rendered":"<p>Bienvenue demain Salle Mu&#8217; \u00e0 Limoges apr\u00e8s quelques jours de tr\u00eave \u2026 La r\u00e9ception des joueuses du BCSP Rez\u00e9 n&#8217;a rien d&#8217;un sc\u00e9nario \u00e9crit \u00e0 l&#8217;avance. Bien que cette \u00e9quipe, jeune, ne pointe pas dans les premi\u00e8res places du classement, avec seulement trois victoires en treize matches, nous avons int\u00e9r\u00eat \u00e0 nous m\u00e9fier. Pour deux&#8230; <\/p>\n<div class=\"clear\"><\/div>\n<p><a href=\"https:\/\/limogesabc.com\/index.php\/la-nf2-affronte-reze-ce-samedi-a-20h\/\" class=\"excerpt-read-more\">Lire plus<\/a><\/p>\n","protected":false},"author":2,"featured_media":9432,"comment_status":"closed","ping_status":"closed","sticky":false,"template":"","format":"standard","meta":{"_mi_skip_tracking":false,"_exactmetrics_sitenote_active":false,"_exactmetrics_sitenote_note":"","_exactmetrics_sitenote_category":0,"_monsterinsights_skip_tracking":false,"_monsterinsights_sitenote_active":false,"_monsterinsights_sitenote_note":"","_monsterinsights_sitenote_category":0,"footnotes":""},"categories":[79],"tags":[],"class_list":["post-9445","post","type-post","status-publish","format-standard","has-post-thumbnail","hentry","category-actualites"],"aioseo_notices":[],"_links":{"self":[{"href":"https:\/\/limogesabc.com\/index.php\/wp-json\/wp\/v2\/posts\/9445","targetHints":{"allow":["GET"]}}],"collection":[{"href":"https:\/\/limogesabc.com\/index.php\/wp-json\/wp\/v2\/posts"}],"about":[{"href":"https:\/\/limogesabc.com\/index.php\/wp-json\/wp\/v2\/types\/post"}],"author":[{"embeddable":true,"href":"https:\/\/limogesabc.com\/index.php\/wp-json\/wp\/v2\/users\/2"}],"replies":[{"embeddable":true,"href":"https:\/\/limogesabc.com\/index.php\/wp-json\/wp\/v2\/comments?post=9445"}],"version-history":[{"count":4,"href":"https:\/\/limogesabc.com\/index.php\/wp-json\/wp\/v2\/posts\/9445\/revisions"}],"predecessor-version":[{"id":9449,"href":"https:\/\/limogesabc.com\/index.php\/wp-json\/wp\/v2\/posts\/9445\/revisions\/9449"}],"wp:featuredmedia":[{"embeddable":true,"href":"https:\/\/limogesabc.com\/index.php\/wp-json\/wp\/v2\/media\/9432"}],"wp:attachment":[{"href":"https:\/\/limogesabc.com\/index.php\/wp-json\/wp\/v2\/media?parent=9445"}],"wp:term":[{"taxonomy":"category","embeddable":true,"href":"https:\/\/limogesabc.com\/index.php\/wp-json\/wp\/v2\/categories?post=9445"},{"taxonomy":"post_tag","embeddable":true,"href":"https:\/\/limogesabc.com\/index.php\/wp-json\/wp\/v2\/tags?post=9445"}],"curies":[{"name":"wp","href":"https:\/\/api.w.org\/{rel}","templated":true}]}}